{"id":6940,"date":"2022-10-20T10:57:00","date_gmt":"2022-10-20T08:57:00","guid":{"rendered":"https:\/\/dev.globalyouthclimatepact.eu\/participar-cop27-para-estudiantes-de-secundaria-en-nueva-aquitania\/"},"modified":"2023-05-30T15:00:10","modified_gmt":"2023-05-30T13:00:10","slug":"participar-cop27-para-estudiantes-de-secundaria-en-nueva-aquitania","status":"publish","type":"post","link":"https:\/\/globalyouthclimatepact.eu\/es\/participar-cop27-para-estudiantes-de-secundaria-en-nueva-aquitania\/","title":{"rendered":"Participar: COP27 para estudiantes de secundaria en Nueva Aquitania"},"content":{"rendered":"\n<p>Los 4 CCSTI de Nueva Aquitania organizan un di\u00e1logo entre j\u00f3venes y cient\u00edficos, con un acto de clausura el 17 de noviembre en Burdeos.<\/p>\n\n<p>\u00abLos<em>j\u00f3venes necesitan ser intelectualmente aut\u00f3nomos, [&#8230;] enfrentarse a la realidad de problemas<\/em>complejos\u00bb,<em>\u00abLa escala regional es la escala de actuaci\u00f3n frente al cambio<\/em>clim\u00e1tico\u00bb. Inspirado por las palabras de Herv\u00e9 LE TREUT, climat\u00f3logo, Presidente del comit\u00e9 cient\u00edfico regional <a href=\"https:\/\/www.acclimaterra.fr\/\" target=\"_blank\" rel=\"noreferrer noopener\">de AcclimaTerra<\/a> y padrino de la operaci\u00f3n, naci\u00f3 S&#8217;engager, el evento escolar de la COP27 en Nueva Aquitania.<\/p>\n\n<figure class=\"wp-block-image size-full\"><img decoding=\"async\" width=\"1920\" height=\"988\" src=\"https:\/\/dev.globalyouthclimatepact.eu\/wp-content\/uploads\/2023\/05\/Cop272.jpg\" alt=\"\" class=\"wp-image-6808\" srcset=\"https:\/\/globalyouthclimatepact.eu\/wp-content\/uploads\/2023\/05\/Cop272.jpg 1920w, https:\/\/globalyouthclimatepact.eu\/wp-content\/uploads\/2023\/05\/Cop272-300x154.jpg 300w, https:\/\/globalyouthclimatepact.eu\/wp-content\/uploads\/2023\/05\/Cop272-1024x527.jpg 1024w, https:\/\/globalyouthclimatepact.eu\/wp-content\/uploads\/2023\/05\/Cop272-768x395.jpg 768w\" sizes=\"(max-width: 1920px) 100vw, 1920px\" \/><\/figure>\n\n<p>Desde principios de 2022, esta iniciativa corre a cargo de los cuatro centros de cultura cient\u00edfica, t\u00e9cnica e industrial (CCSTI) de la regi\u00f3n de Nouvelle-Aquitaine: <a href=\"https:\/\/echosciences.nouvelle-aquitaine.science\/articles\/cap-sciences.net\" target=\"_blank\" rel=\"noreferrer noopener\">Cap sciences<\/a>, <a href=\"https:\/\/emf.fr\/\" target=\"_blank\" rel=\"noreferrer noopener\">Espace Mend\u00e8s<\/a> France, <a href=\"https:\/\/echosciences.nouvelle-aquitaine.science\/articles\/recreasciences.com\" target=\"_blank\" rel=\"noreferrer noopener\">R\u00e9cr\u00e9asciences<\/a> y <a href=\"http:\/\/www.lacqodyssee.org\/\" target=\"_blank\" rel=\"noreferrer noopener\">Lacq odyss\u00e9e<\/a>. Est\u00e1 financiado por la <a href=\"https:\/\/www.nouvelle-aquitaine.fr\/\" target=\"_blank\" rel=\"noreferrer noopener\">Regi\u00f3n de Nouvelle-Aquitaine<\/a>, la m\u00e1s extensa de Francia con sus 84.000 km\u00b2, la diversidad de sus paisajes y los retos clim\u00e1ticos a los que se enfrentan todos sus habitantes, como megaincendios, p\u00e9rdida de biodiversidad, tormentas m\u00e1s frecuentes, olas de calor&#8230;<\/p>\n\n<p>Para debatir cuestiones locales y cambios en la sociedad, los mediadores cient\u00edficos organizaron varios encuentros entre j\u00f3venes e investigadores de las Redes Regionales de Investigaci\u00f3n (R3), universidades locales e institutos de investigaci\u00f3n como el CNRS, INRAE, Inria, etc.<\/p>\n\n<p>Siguiendo el  <a href=\"https:\/\/www.gycp.eu\/\"><em>Global Youth Climate Pact<\/em><\/a>un programa internacional de encuentros entre j\u00f3venes y especialistas del clima creado en 2014 en el Espace Mend\u00e8s France, se escuchan las opiniones de los j\u00f3venes y los alumnos y sus profesores diseccionan la complejidad de los temas, con la ayuda de los cient\u00edficos que participan en estos debates entre ciencia y sociedad.<\/p>\n\n<figure class=\"wp-block-image size-full\"><img decoding=\"async\" width=\"1920\" height=\"1004\" src=\"https:\/\/dev.globalyouthclimatepact.eu\/wp-content\/uploads\/2023\/05\/Cop27.jpg\" alt=\"\" class=\"wp-image-6811\" srcset=\"https:\/\/globalyouthclimatepact.eu\/wp-content\/uploads\/2023\/05\/Cop27.jpg 1920w, https:\/\/globalyouthclimatepact.eu\/wp-content\/uploads\/2023\/05\/Cop27-300x157.jpg 300w, https:\/\/globalyouthclimatepact.eu\/wp-content\/uploads\/2023\/05\/Cop27-1024x535.jpg 1024w, https:\/\/globalyouthclimatepact.eu\/wp-content\/uploads\/2023\/05\/Cop27-768x402.jpg 768w\" sizes=\"(max-width: 1920px) 100vw, 1920px\" \/><\/figure>\n\n<p>Para esta COP27 regional se han seleccionado 13 centros de ense\u00f1anza secundaria que reflejan la diversidad de los paisajes de nuestra regi\u00f3n: costeros, urbanos, boscosos, monta\u00f1osos&#8230; Est\u00e1n representados 11 de los 12 departamentos de nuestra regi\u00f3n. Cada centro de secundaria eligi\u00f3 el tema que estudiar\u00eda, en funci\u00f3n de los problemas locales que inspiraran a los estudiantes: islas de calor urbanas, biodiversidad local, alimentaci\u00f3n, bosques, calidad del agua, sobriedad digital, etc. Cada grupo de estudiantes de secundaria se reuni\u00f3 con cient\u00edficos y profesionales para hablar de los problemas relacionados con su tema. La operaci\u00f3n culmina con un acto el 17 de noviembre en Cap Sciences (Burdeos). All\u00ed continuar\u00e1 el di\u00e1logo entre los estudiantes y los consejeros regionales, gracias a tres mesas redondas dedicadas a la biodiversidad, el agua y los cambios en nuestra sociedad, con clubes de prensa locales invitados a formular sus preguntas a los j\u00f3venes participantes.<\/p>\n\n<p>Para m\u00e1s informaci\u00f3n, p\u00f3ngase en contacto con Simon:<a href=\"mailto:s.lahitete@nacsti.fr\"> s.lahitete@nacsti.fr<\/a><\/p>\n\n<p>Seguir el Pacto Mundial por el Clima para los J\u00f3venes :  <br\/>@gycpofficial en <a href=\"https:\/\/www.instagram.com\/gycpofficial\/?hl=fr\" target=\"_blank\" rel=\"noreferrer noopener\">Instagram<\/a> \/ <a href=\"https:\/\/twitter.com\/gycpofficial\" target=\"_blank\" rel=\"noreferrer noopener\">Twitter<\/a> \/ <a href=\"https:\/\/echosciences.nouvelle-aquitaine.science\/articles\/facebook.com\/GYCPOfficial\" target=\"_blank\" rel=\"noreferrer noopener\">Facebook<\/a> \/ <a href=\"https:\/\/www.youtube.com\/channel\/UC1rGcnk8u0pLt_yo4xMhiwg\" target=\"_blank\" rel=\"noreferrer noopener\">Youtube<\/a><\/p>\n\n<p>Un acto en colaboraci\u00f3n con \u00abLe Monde<\/p>\n\n<figure class=\"wp-block-image is-resized\"><img decoding=\"async\" src=\"https:\/\/echosciences.nouvelle-aquitaine.science\/uploads\/body_image\/attachment\/1005489094\/Le_Monde_logo.png\" alt=\"\" width=\"121\" height=\"28\"\/><\/figure>\n","protected":false},"excerpt":{"rendered":"<p>Los 4 CCSTI de Nueva Aquitania organizan un di\u00e1logo entre j\u00f3venes y cient\u00edficos, con un acto de clausura el 17 de noviembre en Burdeos. \u00abLosj\u00f3venes necesitan ser intelectualmente aut\u00f3nomos, [&#8230;] enfrentarse a la realidad de problemascomplejos\u00bb,\u00abLa escala regional es la escala de actuaci\u00f3n frente al cambioclim\u00e1tico\u00bb. Inspirado por las palabras de Herv\u00e9 LE TREUT, climat\u00f3logo, [&hellip;]<\/p>\n","protected":false},"author":2,"featured_media":6822,"comment_status":"open","ping_status":"open","sticky":false,"template":"","format":"standard","meta":{"footnotes":""},"categories":[17],"tags":[],"class_list":["post-6940","post","type-post","status-publish","format-standard","has-post-thumbnail","hentry","category-sin-categorizar"],"yoast_head":"<!-- This site is optimized with the Yoast SEO plugin v20.8 - https:\/\/yoast.com\/wordpress\/plugins\/seo\/ -->\n<title>Participar: COP27 para estudiantes de secundaria en Nueva Aquitania | Global Youth Climate Pact<\/title>\n<meta name=\"robots\" content=\"index, follow, max-snippet:-1, max-image-preview:large, max-video-preview:-1\" \/>\n<link rel=\"canonical\" href=\"https:\/\/globalyouthclimatepact.eu\/es\/participar-cop27-para-estudiantes-de-secundaria-en-nueva-aquitania\/\" \/>\n<meta property=\"og:locale\" content=\"es_ES\" \/>\n<meta property=\"og:type\" content=\"article\" \/>\n<meta property=\"og:title\" content=\"Participar: COP27 para estudiantes de secundaria en Nueva Aquitania | Global Youth Climate Pact\" \/>\n<meta property=\"og:description\" content=\"Los 4 CCSTI de Nueva Aquitania organizan un di\u00e1logo entre j\u00f3venes y cient\u00edficos, con un acto de clausura el 17 de noviembre en Burdeos. \u00abLosj\u00f3venes necesitan ser intelectualmente aut\u00f3nomos, [&#8230;] enfrentarse a la realidad de problemascomplejos\u00bb,\u00abLa escala regional es la escala de actuaci\u00f3n frente al cambioclim\u00e1tico\u00bb. Inspirado por las palabras de Herv\u00e9 LE TREUT, climat\u00f3logo, [&hellip;]\" \/>\n<meta property=\"og:url\" content=\"https:\/\/globalyouthclimatepact.eu\/es\/participar-cop27-para-estudiantes-de-secundaria-en-nueva-aquitania\/\" \/>\n<meta property=\"og:site_name\" content=\"Global Youth Climate Pact\" \/>\n<meta property=\"article:publisher\" content=\"https:\/\/www.facebook.com\/GYCPOfficial\/\" \/>\n<meta property=\"article:published_time\" content=\"2022-10-20T08:57:00+00:00\" \/>\n<meta property=\"article:modified_time\" content=\"2023-05-30T13:00:10+00:00\" \/>\n<meta property=\"og:image\" content=\"https:\/\/globalyouthclimatepact.eu\/wp-content\/uploads\/2023\/05\/COP27-en-Nouvelle-Aquitaine.jpg\" \/>\n\t<meta property=\"og:image:width\" content=\"1\" \/>\n\t<meta property=\"og:image:height\" content=\"1\" \/>\n\t<meta property=\"og:image:type\" content=\"image\/jpeg\" \/>\n<meta name=\"author\" content=\"S\u00e9bastien Beurre-Sucre\" \/>\n<meta name=\"twitter:card\" content=\"summary_large_image\" \/>\n<meta name=\"twitter:creator\" content=\"@GYCPOfficial\" \/>\n<meta name=\"twitter:site\" content=\"@GYCPOfficial\" \/>\n<meta name=\"twitter:label1\" content=\"Escrito por\" \/>\n\t<meta name=\"twitter:data1\" content=\"S\u00e9bastien Beurre-Sucre\" \/>\n\t<meta name=\"twitter:label2\" content=\"Tiempo de lectura\" \/>\n\t<meta name=\"twitter:data2\" content=\"2 minutos\" \/>\n<script type=\"application\/ld+json\" class=\"yoast-schema-graph\">{\"@context\":\"https:\/\/schema.org\",\"@graph\":[{\"@type\":\"Article\",\"@id\":\"https:\/\/globalyouthclimatepact.eu\/es\/participar-cop27-para-estudiantes-de-secundaria-en-nueva-aquitania\/#article\",\"isPartOf\":{\"@id\":\"https:\/\/globalyouthclimatepact.eu\/es\/participar-cop27-para-estudiantes-de-secundaria-en-nueva-aquitania\/\"},\"author\":{\"name\":\"S\u00e9bastien Beurre-Sucre\",\"@id\":\"https:\/\/globalyouthclimatepact.eu\/es\/#\/schema\/person\/6b54dbc1f6e5a7c828cce38497d24863\"},\"headline\":\"Participar: COP27 para estudiantes de secundaria en Nueva Aquitania\",\"datePublished\":\"2022-10-20T08:57:00+00:00\",\"dateModified\":\"2023-05-30T13:00:10+00:00\",\"mainEntityOfPage\":{\"@id\":\"https:\/\/globalyouthclimatepact.eu\/es\/participar-cop27-para-estudiantes-de-secundaria-en-nueva-aquitania\/\"},\"wordCount\":483,\"commentCount\":0,\"publisher\":{\"@id\":\"https:\/\/globalyouthclimatepact.eu\/es\/#organization\"},\"articleSection\":[\"Sin categorizar\"],\"inLanguage\":\"es\",\"potentialAction\":[{\"@type\":\"CommentAction\",\"name\":\"Comment\",\"target\":[\"https:\/\/globalyouthclimatepact.eu\/es\/participar-cop27-para-estudiantes-de-secundaria-en-nueva-aquitania\/#respond\"]}]},{\"@type\":\"WebPage\",\"@id\":\"https:\/\/globalyouthclimatepact.eu\/es\/participar-cop27-para-estudiantes-de-secundaria-en-nueva-aquitania\/\",\"url\":\"https:\/\/globalyouthclimatepact.eu\/es\/participar-cop27-para-estudiantes-de-secundaria-en-nueva-aquitania\/\",\"name\":\"Participar: COP27 para estudiantes de secundaria en Nueva Aquitania | Global Youth Climate Pact\",\"isPartOf\":{\"@id\":\"https:\/\/globalyouthclimatepact.eu\/es\/#website\"},\"datePublished\":\"2022-10-20T08:57:00+00:00\",\"dateModified\":\"2023-05-30T13:00:10+00:00\",\"breadcrumb\":{\"@id\":\"https:\/\/globalyouthclimatepact.eu\/es\/participar-cop27-para-estudiantes-de-secundaria-en-nueva-aquitania\/#breadcrumb\"},\"inLanguage\":\"es\",\"potentialAction\":[{\"@type\":\"ReadAction\",\"target\":[\"https:\/\/globalyouthclimatepact.eu\/es\/participar-cop27-para-estudiantes-de-secundaria-en-nueva-aquitania\/\"]}]},{\"@type\":\"BreadcrumbList\",\"@id\":\"https:\/\/globalyouthclimatepact.eu\/es\/participar-cop27-para-estudiantes-de-secundaria-en-nueva-aquitania\/#breadcrumb\",\"itemListElement\":[{\"@type\":\"ListItem\",\"position\":1,\"name\":\"Homepage\",\"item\":\"https:\/\/globalyouthclimatepact.eu\/es\/inicio\/\"},{\"@type\":\"ListItem\",\"position\":2,\"name\":\"Participar: COP27 para estudiantes de secundaria en Nueva Aquitania\"}]},{\"@type\":\"WebSite\",\"@id\":\"https:\/\/globalyouthclimatepact.eu\/es\/#website\",\"url\":\"https:\/\/globalyouthclimatepact.eu\/es\/\",\"name\":\"Global Youth Climate Pact\",\"description\":\"\",\"publisher\":{\"@id\":\"https:\/\/globalyouthclimatepact.eu\/es\/#organization\"},\"alternateName\":\"GYCP\",\"potentialAction\":[{\"@type\":\"SearchAction\",\"target\":{\"@type\":\"EntryPoint\",\"urlTemplate\":\"https:\/\/globalyouthclimatepact.eu\/es\/?s={search_term_string}\"},\"query-input\":\"required name=search_term_string\"}],\"inLanguage\":\"es\"},{\"@type\":\"Organization\",\"@id\":\"https:\/\/globalyouthclimatepact.eu\/es\/#organization\",\"name\":\"Global Youth Climate Pact\",\"alternateName\":\"GYCP\",\"url\":\"https:\/\/globalyouthclimatepact.eu\/es\/\",\"logo\":{\"@type\":\"ImageObject\",\"inLanguage\":\"es\",\"@id\":\"https:\/\/globalyouthclimatepact.eu\/es\/#\/schema\/logo\/image\/\",\"url\":\"https:\/\/globalyouthclimatepact.eu\/wp-content\/uploads\/2023\/05\/Logo_GYCP-1.png\",\"contentUrl\":\"https:\/\/globalyouthclimatepact.eu\/wp-content\/uploads\/2023\/05\/Logo_GYCP-1.png\",\"width\":715,\"height\":282,\"caption\":\"Global Youth Climate Pact\"},\"image\":{\"@id\":\"https:\/\/globalyouthclimatepact.eu\/es\/#\/schema\/logo\/image\/\"},\"sameAs\":[\"https:\/\/www.facebook.com\/GYCPOfficial\/\",\"https:\/\/twitter.com\/GYCPOfficial\",\"https:\/\/www.instagram.com\/gycpofficial\/\",\"https:\/\/t.me\/globalyouthclimatepact\"]},{\"@type\":\"Person\",\"@id\":\"https:\/\/globalyouthclimatepact.eu\/es\/#\/schema\/person\/6b54dbc1f6e5a7c828cce38497d24863\",\"name\":\"S\u00e9bastien Beurre-Sucre\",\"image\":{\"@type\":\"ImageObject\",\"inLanguage\":\"es\",\"@id\":\"https:\/\/globalyouthclimatepact.eu\/es\/#\/schema\/person\/image\/\",\"url\":\"https:\/\/secure.gravatar.com\/avatar\/5b382c2d6442b0dab416c8a81605ac87247d178bd615dc4c9f8dfafed3c804ee?s=96&d=mm&r=g\",\"contentUrl\":\"https:\/\/secure.gravatar.com\/avatar\/5b382c2d6442b0dab416c8a81605ac87247d178bd615dc4c9f8dfafed3c804ee?s=96&d=mm&r=g\",\"caption\":\"S\u00e9bastien Beurre-Sucre\"}}]}<\/script>\n<!-- \/ Yoast SEO plugin. -->","yoast_head_json":{"title":"Participar: COP27 para estudiantes de secundaria en Nueva Aquitania | Global Youth Climate Pact","robots":{"index":"index","follow":"follow","max-snippet":"max-snippet:-1","max-image-preview":"max-image-preview:large","max-video-preview":"max-video-preview:-1"},"canonical":"https:\/\/globalyouthclimatepact.eu\/es\/participar-cop27-para-estudiantes-de-secundaria-en-nueva-aquitania\/","og_locale":"es_ES","og_type":"article","og_title":"Participar: COP27 para estudiantes de secundaria en Nueva Aquitania | Global Youth Climate Pact","og_description":"Los 4 CCSTI de Nueva Aquitania organizan un di\u00e1logo entre j\u00f3venes y cient\u00edficos, con un acto de clausura el 17 de noviembre en Burdeos. \u00abLosj\u00f3venes necesitan ser intelectualmente aut\u00f3nomos, [&#8230;] enfrentarse a la realidad de problemascomplejos\u00bb,\u00abLa escala regional es la escala de actuaci\u00f3n frente al cambioclim\u00e1tico\u00bb. Inspirado por las palabras de Herv\u00e9 LE TREUT, climat\u00f3logo, [&hellip;]","og_url":"https:\/\/globalyouthclimatepact.eu\/es\/participar-cop27-para-estudiantes-de-secundaria-en-nueva-aquitania\/","og_site_name":"Global Youth Climate Pact","article_publisher":"https:\/\/www.facebook.com\/GYCPOfficial\/","article_published_time":"2022-10-20T08:57:00+00:00","article_modified_time":"2023-05-30T13:00:10+00:00","og_image":[{"url":"https:\/\/globalyouthclimatepact.eu\/wp-content\/uploads\/2023\/05\/COP27-en-Nouvelle-Aquitaine.jpg","width":1,"height":1,"type":"image\/jpeg"}],"author":"S\u00e9bastien Beurre-Sucre","twitter_card":"summary_large_image","twitter_creator":"@GYCPOfficial","twitter_site":"@GYCPOfficial","twitter_misc":{"Escrito por":"S\u00e9bastien Beurre-Sucre","Tiempo de lectura":"2 minutos"},"schema":{"@context":"https:\/\/schema.org","@graph":[{"@type":"Article","@id":"https:\/\/globalyouthclimatepact.eu\/es\/participar-cop27-para-estudiantes-de-secundaria-en-nueva-aquitania\/#article","isPartOf":{"@id":"https:\/\/globalyouthclimatepact.eu\/es\/participar-cop27-para-estudiantes-de-secundaria-en-nueva-aquitania\/"},"author":{"name":"S\u00e9bastien Beurre-Sucre","@id":"https:\/\/globalyouthclimatepact.eu\/es\/#\/schema\/person\/6b54dbc1f6e5a7c828cce38497d24863"},"headline":"Participar: COP27 para estudiantes de secundaria en Nueva Aquitania","datePublished":"2022-10-20T08:57:00+00:00","dateModified":"2023-05-30T13:00:10+00:00","mainEntityOfPage":{"@id":"https:\/\/globalyouthclimatepact.eu\/es\/participar-cop27-para-estudiantes-de-secundaria-en-nueva-aquitania\/"},"wordCount":483,"commentCount":0,"publisher":{"@id":"https:\/\/globalyouthclimatepact.eu\/es\/#organization"},"articleSection":["Sin categorizar"],"inLanguage":"es","potentialAction":[{"@type":"CommentAction","name":"Comment","target":["https:\/\/globalyouthclimatepact.eu\/es\/participar-cop27-para-estudiantes-de-secundaria-en-nueva-aquitania\/#respond"]}]},{"@type":"WebPage","@id":"https:\/\/globalyouthclimatepact.eu\/es\/participar-cop27-para-estudiantes-de-secundaria-en-nueva-aquitania\/","url":"https:\/\/globalyouthclimatepact.eu\/es\/participar-cop27-para-estudiantes-de-secundaria-en-nueva-aquitania\/","name":"Participar: COP27 para estudiantes de secundaria en Nueva Aquitania | Global Youth Climate Pact","isPartOf":{"@id":"https:\/\/globalyouthclimatepact.eu\/es\/#website"},"datePublished":"2022-10-20T08:57:00+00:00","dateModified":"2023-05-30T13:00:10+00:00","breadcrumb":{"@id":"https:\/\/globalyouthclimatepact.eu\/es\/participar-cop27-para-estudiantes-de-secundaria-en-nueva-aquitania\/#breadcrumb"},"inLanguage":"es","potentialAction":[{"@type":"ReadAction","target":["https:\/\/globalyouthclimatepact.eu\/es\/participar-cop27-para-estudiantes-de-secundaria-en-nueva-aquitania\/"]}]},{"@type":"BreadcrumbList","@id":"https:\/\/globalyouthclimatepact.eu\/es\/participar-cop27-para-estudiantes-de-secundaria-en-nueva-aquitania\/#breadcrumb","itemListElement":[{"@type":"ListItem","position":1,"name":"Homepage","item":"https:\/\/globalyouthclimatepact.eu\/es\/inicio\/"},{"@type":"ListItem","position":2,"name":"Participar: COP27 para estudiantes de secundaria en Nueva Aquitania"}]},{"@type":"WebSite","@id":"https:\/\/globalyouthclimatepact.eu\/es\/#website","url":"https:\/\/globalyouthclimatepact.eu\/es\/","name":"Global Youth Climate Pact","description":"","publisher":{"@id":"https:\/\/globalyouthclimatepact.eu\/es\/#organization"},"alternateName":"GYCP","potentialAction":[{"@type":"SearchAction","target":{"@type":"EntryPoint","urlTemplate":"https:\/\/globalyouthclimatepact.eu\/es\/?s={search_term_string}"},"query-input":"required name=search_term_string"}],"inLanguage":"es"},{"@type":"Organization","@id":"https:\/\/globalyouthclimatepact.eu\/es\/#organization","name":"Global Youth Climate Pact","alternateName":"GYCP","url":"https:\/\/globalyouthclimatepact.eu\/es\/","logo":{"@type":"ImageObject","inLanguage":"es","@id":"https:\/\/globalyouthclimatepact.eu\/es\/#\/schema\/logo\/image\/","url":"https:\/\/globalyouthclimatepact.eu\/wp-content\/uploads\/2023\/05\/Logo_GYCP-1.png","contentUrl":"https:\/\/globalyouthclimatepact.eu\/wp-content\/uploads\/2023\/05\/Logo_GYCP-1.png","width":715,"height":282,"caption":"Global Youth Climate Pact"},"image":{"@id":"https:\/\/globalyouthclimatepact.eu\/es\/#\/schema\/logo\/image\/"},"sameAs":["https:\/\/www.facebook.com\/GYCPOfficial\/","https:\/\/twitter.com\/GYCPOfficial","https:\/\/www.instagram.com\/gycpofficial\/","https:\/\/t.me\/globalyouthclimatepact"]},{"@type":"Person","@id":"https:\/\/globalyouthclimatepact.eu\/es\/#\/schema\/person\/6b54dbc1f6e5a7c828cce38497d24863","name":"S\u00e9bastien Beurre-Sucre","image":{"@type":"ImageObject","inLanguage":"es","@id":"https:\/\/globalyouthclimatepact.eu\/es\/#\/schema\/person\/image\/","url":"https:\/\/secure.gravatar.com\/avatar\/5b382c2d6442b0dab416c8a81605ac87247d178bd615dc4c9f8dfafed3c804ee?s=96&d=mm&r=g","contentUrl":"https:\/\/secure.gravatar.com\/avatar\/5b382c2d6442b0dab416c8a81605ac87247d178bd615dc4c9f8dfafed3c804ee?s=96&d=mm&r=g","caption":"S\u00e9bastien Beurre-Sucre"}}]}},"jetpack_featured_media_url":"https:\/\/globalyouthclimatepact.eu\/wp-content\/uploads\/2023\/05\/COP27-en-Nouvelle-Aquitaine.jpg","_links":{"self":[{"href":"https:\/\/globalyouthclimatepact.eu\/es\/wp-json\/wp\/v2\/posts\/6940","targetHints":{"allow":["GET"]}}],"collection":[{"href":"https:\/\/globalyouthclimatepact.eu\/es\/wp-json\/wp\/v2\/posts"}],"about":[{"href":"https:\/\/globalyouthclimatepact.eu\/es\/wp-json\/wp\/v2\/types\/post"}],"author":[{"embeddable":true,"href":"https:\/\/globalyouthclimatepact.eu\/es\/wp-json\/wp\/v2\/users\/2"}],"replies":[{"embeddable":true,"href":"https:\/\/globalyouthclimatepact.eu\/es\/wp-json\/wp\/v2\/comments?post=6940"}],"version-history":[{"count":1,"href":"https:\/\/globalyouthclimatepact.eu\/es\/wp-json\/wp\/v2\/posts\/6940\/revisions"}],"predecessor-version":[{"id":6941,"href":"https:\/\/globalyouthclimatepact.eu\/es\/wp-json\/wp\/v2\/posts\/6940\/revisions\/6941"}],"wp:featuredmedia":[{"embeddable":true,"href":"https:\/\/globalyouthclimatepact.eu\/es\/wp-json\/wp\/v2\/media\/6822"}],"wp:attachment":[{"href":"https:\/\/globalyouthclimatepact.eu\/es\/wp-json\/wp\/v2\/media?parent=6940"}],"wp:term":[{"taxonomy":"category","embeddable":true,"href":"https:\/\/globalyouthclimatepact.eu\/es\/wp-json\/wp\/v2\/categories?post=6940"},{"taxonomy":"post_tag","embeddable":true,"href":"https:\/\/globalyouthclimatepact.eu\/es\/wp-json\/wp\/v2\/tags?post=6940"}],"curies":[{"name":"wp","href":"https:\/\/api.w.org\/{rel}","templated":true}]}}