{"id":6485,"date":"2020-05-31T01:01:55","date_gmt":"2020-05-30T23:01:55","guid":{"rendered":"https:\/\/dev.globalyouthclimatepact.eu\/nuevas-herramientas-digitales-para-gycp\/"},"modified":"2023-05-28T10:27:16","modified_gmt":"2023-05-28T08:27:16","slug":"nuevas-herramientas-digitales-para-gycp","status":"publish","type":"post","link":"https:\/\/globalyouthclimatepact.eu\/es\/nuevas-herramientas-digitales-para-gycp\/","title":{"rendered":"Nuevas herramientas digitales para GYCP"},"content":{"rendered":"\n<p><br\/><strong>Para hacer frente a este extra\u00f1o periodo de crisis sanitaria, el Pacto Mundial por el Clima de los J\u00f3venes ha decidido mejorar sus herramientas en l\u00ednea. Ahora los j\u00f3venes pueden chatear, compartir art\u00edculos\/v\u00eddeos\/archivos y hablar con cient\u00edficos, dirigidos por embajadores del GYCP de todo el mundo.<\/strong><\/p>\n\n<p>Hay 15 de ellos, conocidos como J\u00f3venes Embajadores del GYCP, procedentes de 9 pa\u00edses diferentes. Han asumido la tarea de promover los valores del GYCP utilizando sus propias redes sociales y sugiriendo contenidos, debatiendo temas y emprendiendo acciones en l\u00ednea.<\/p>\n\n<p>Todos nuestros embajadores est\u00e1n muy comprometidos con la lucha contra el cambio clim\u00e1tico. Han participado en eventos del GYCP desde Toulouse 2015 hasta Madrid 2019.<\/p>\n\n<p>Escuchan a los cient\u00edficos, intentan saber m\u00e1s sobre las soluciones a la crisis clim\u00e1tica, adoptan medidas sostenibles y quieren ser escuchados por los responsables pol\u00edticos.<\/p>\n\n<p>Por eso hemos creado un nuevo sitio web, globalyouthclimatepact.eu, y un foro digital en el que puedes debatir y compartir a trav\u00e9s de la aplicaci\u00f3n <a href=\"https:\/\/t.me\/globalyouthclimatepact\" target=\"_blank\" rel=\"noreferrer noopener\">Telegram<\/a>. Y puedes seguirnos en las redes sociales @GYCPOfficial: <a href=\"https:\/\/twitter.com\/GYCPOfficial\/\" target=\"_blank\" rel=\"noreferrer noopener\">Twitter<\/a>, <a href=\"https:\/\/www.instagram.com\/gycpofficial\/\" target=\"_blank\" rel=\"noreferrer noopener\">Instagram<\/a>, <a href=\"https:\/\/www.facebook.com\/GYCPOfficial\/\" target=\"_blank\" rel=\"noreferrer noopener\">Facebook<\/a> y pronto TikTok.<\/p>\n\n<p>De abril a diciembre de 2020, los j\u00f3venes del GYCP utilizar\u00e1n estas herramientas para debatir diversos temas relacionados con la ecolog\u00eda con cient\u00edficos y profesores.<\/p>\n\n<p>A continuaci\u00f3n nos prepararemos para la COP26, prevista para noviembre de 2021 en Glasgow (Escocia).<\/p>\n","protected":false},"excerpt":{"rendered":"<p>Para hacer frente a este extra\u00f1o periodo de crisis sanitaria, el Pacto Mundial por el Clima de los J\u00f3venes ha decidido mejorar sus herramientas en l\u00ednea. Ahora los j\u00f3venes pueden chatear, compartir art\u00edculos\/v\u00eddeos\/archivos y hablar con cient\u00edficos, dirigidos por embajadores del GYCP de todo el mundo. Hay 15 de ellos, conocidos como J\u00f3venes Embajadores del [&hellip;]<\/p>\n","protected":false},"author":2,"featured_media":6450,"comment_status":"closed","ping_status":"closed","sticky":false,"template":"","format":"standard","meta":{"footnotes":""},"categories":[32],"tags":[33,34,36,35],"class_list":["post-6485","post","type-post","status-publish","format-standard","has-post-thumbnail","hentry","category-noticias","tag-cambio-climatico","tag-ecologia","tag-juventud","tag-pagina-web"],"yoast_head":"<!-- This site is optimized with the Yoast SEO plugin v20.8 - https:\/\/yoast.com\/wordpress\/plugins\/seo\/ -->\n<title>Nuevas herramientas digitales para GYCP | Global Youth Climate Pact<\/title>\n<meta name=\"robots\" content=\"index, follow, max-snippet:-1, max-image-preview:large, max-video-preview:-1\" \/>\n<link rel=\"canonical\" href=\"https:\/\/globalyouthclimatepact.eu\/es\/nuevas-herramientas-digitales-para-gycp\/\" \/>\n<meta property=\"og:locale\" content=\"es_ES\" \/>\n<meta property=\"og:type\" content=\"article\" \/>\n<meta property=\"og:title\" content=\"Nuevas herramientas digitales para GYCP | Global Youth Climate Pact\" \/>\n<meta property=\"og:description\" content=\"Para hacer frente a este extra\u00f1o periodo de crisis sanitaria, el Pacto Mundial por el Clima de los J\u00f3venes ha decidido mejorar sus herramientas en l\u00ednea. Ahora los j\u00f3venes pueden chatear, compartir art\u00edculos\/v\u00eddeos\/archivos y hablar con cient\u00edficos, dirigidos por embajadores del GYCP de todo el mundo. Hay 15 de ellos, conocidos como J\u00f3venes Embajadores del [&hellip;]\" \/>\n<meta property=\"og:url\" content=\"https:\/\/globalyouthclimatepact.eu\/es\/nuevas-herramientas-digitales-para-gycp\/\" \/>\n<meta property=\"og:site_name\" content=\"Global Youth Climate Pact\" \/>\n<meta property=\"article:publisher\" content=\"https:\/\/www.facebook.com\/GYCPOfficial\/\" \/>\n<meta property=\"article:published_time\" content=\"2020-05-30T23:01:55+00:00\" \/>\n<meta property=\"article:modified_time\" content=\"2023-05-28T08:27:16+00:00\" \/>\n<meta property=\"og:image\" content=\"https:\/\/globalyouthclimatepact.eu\/wp-content\/uploads\/2023\/05\/FB_GYCP.jpg\" \/>\n\t<meta property=\"og:image:width\" content=\"816\" \/>\n\t<meta property=\"og:image:height\" content=\"337\" \/>\n\t<meta property=\"og:image:type\" content=\"image\/jpeg\" \/>\n<meta name=\"author\" content=\"S\u00e9bastien Beurre-Sucre\" \/>\n<meta name=\"twitter:card\" content=\"summary_large_image\" \/>\n<meta name=\"twitter:creator\" content=\"@GYCPOfficial\" \/>\n<meta name=\"twitter:site\" content=\"@GYCPOfficial\" \/>\n<meta name=\"twitter:label1\" content=\"Escrito por\" \/>\n\t<meta name=\"twitter:data1\" content=\"S\u00e9bastien Beurre-Sucre\" \/>\n\t<meta name=\"twitter:label2\" content=\"Tiempo de lectura\" \/>\n\t<meta name=\"twitter:data2\" content=\"1 minuto\" \/>\n<script type=\"application\/ld+json\" class=\"yoast-schema-graph\">{\"@context\":\"https:\/\/schema.org\",\"@graph\":[{\"@type\":\"Article\",\"@id\":\"https:\/\/globalyouthclimatepact.eu\/es\/nuevas-herramientas-digitales-para-gycp\/#article\",\"isPartOf\":{\"@id\":\"https:\/\/globalyouthclimatepact.eu\/es\/nuevas-herramientas-digitales-para-gycp\/\"},\"author\":{\"name\":\"S\u00e9bastien Beurre-Sucre\",\"@id\":\"https:\/\/globalyouthclimatepact.eu\/es\/#\/schema\/person\/6b54dbc1f6e5a7c828cce38497d24863\"},\"headline\":\"Nuevas herramientas digitales para GYCP\",\"datePublished\":\"2020-05-30T23:01:55+00:00\",\"dateModified\":\"2023-05-28T08:27:16+00:00\",\"mainEntityOfPage\":{\"@id\":\"https:\/\/globalyouthclimatepact.eu\/es\/nuevas-herramientas-digitales-para-gycp\/\"},\"wordCount\":241,\"publisher\":{\"@id\":\"https:\/\/globalyouthclimatepact.eu\/es\/#organization\"},\"keywords\":[\"Cambio clim\u00e1tico\",\"Ecolog\u00eda\",\"Juventud\",\"P\u00e1gina web\"],\"articleSection\":[\"Noticias\"],\"inLanguage\":\"es\"},{\"@type\":\"WebPage\",\"@id\":\"https:\/\/globalyouthclimatepact.eu\/es\/nuevas-herramientas-digitales-para-gycp\/\",\"url\":\"https:\/\/globalyouthclimatepact.eu\/es\/nuevas-herramientas-digitales-para-gycp\/\",\"name\":\"Nuevas herramientas digitales para GYCP | Global Youth Climate Pact\",\"isPartOf\":{\"@id\":\"https:\/\/globalyouthclimatepact.eu\/es\/#website\"},\"datePublished\":\"2020-05-30T23:01:55+00:00\",\"dateModified\":\"2023-05-28T08:27:16+00:00\",\"breadcrumb\":{\"@id\":\"https:\/\/globalyouthclimatepact.eu\/es\/nuevas-herramientas-digitales-para-gycp\/#breadcrumb\"},\"inLanguage\":\"es\",\"potentialAction\":[{\"@type\":\"ReadAction\",\"target\":[\"https:\/\/globalyouthclimatepact.eu\/es\/nuevas-herramientas-digitales-para-gycp\/\"]}]},{\"@type\":\"BreadcrumbList\",\"@id\":\"https:\/\/globalyouthclimatepact.eu\/es\/nuevas-herramientas-digitales-para-gycp\/#breadcrumb\",\"itemListElement\":[{\"@type\":\"ListItem\",\"position\":1,\"name\":\"Homepage\",\"item\":\"https:\/\/globalyouthclimatepact.eu\/es\/inicio\/\"},{\"@type\":\"ListItem\",\"position\":2,\"name\":\"Nuevas herramientas digitales para GYCP\"}]},{\"@type\":\"WebSite\",\"@id\":\"https:\/\/globalyouthclimatepact.eu\/es\/#website\",\"url\":\"https:\/\/globalyouthclimatepact.eu\/es\/\",\"name\":\"Global Youth Climate Pact\",\"description\":\"\",\"publisher\":{\"@id\":\"https:\/\/globalyouthclimatepact.eu\/es\/#organization\"},\"alternateName\":\"GYCP\",\"potentialAction\":[{\"@type\":\"SearchAction\",\"target\":{\"@type\":\"EntryPoint\",\"urlTemplate\":\"https:\/\/globalyouthclimatepact.eu\/es\/?s={search_term_string}\"},\"query-input\":\"required name=search_term_string\"}],\"inLanguage\":\"es\"},{\"@type\":\"Organization\",\"@id\":\"https:\/\/globalyouthclimatepact.eu\/es\/#organization\",\"name\":\"Global Youth Climate Pact\",\"alternateName\":\"GYCP\",\"url\":\"https:\/\/globalyouthclimatepact.eu\/es\/\",\"logo\":{\"@type\":\"ImageObject\",\"inLanguage\":\"es\",\"@id\":\"https:\/\/globalyouthclimatepact.eu\/es\/#\/schema\/logo\/image\/\",\"url\":\"https:\/\/globalyouthclimatepact.eu\/wp-content\/uploads\/2023\/05\/Logo_GYCP-1.png\",\"contentUrl\":\"https:\/\/globalyouthclimatepact.eu\/wp-content\/uploads\/2023\/05\/Logo_GYCP-1.png\",\"width\":715,\"height\":282,\"caption\":\"Global Youth Climate Pact\"},\"image\":{\"@id\":\"https:\/\/globalyouthclimatepact.eu\/es\/#\/schema\/logo\/image\/\"},\"sameAs\":[\"https:\/\/www.facebook.com\/GYCPOfficial\/\",\"https:\/\/twitter.com\/GYCPOfficial\",\"https:\/\/www.instagram.com\/gycpofficial\/\",\"https:\/\/t.me\/globalyouthclimatepact\"]},{\"@type\":\"Person\",\"@id\":\"https:\/\/globalyouthclimatepact.eu\/es\/#\/schema\/person\/6b54dbc1f6e5a7c828cce38497d24863\",\"name\":\"S\u00e9bastien Beurre-Sucre\",\"image\":{\"@type\":\"ImageObject\",\"inLanguage\":\"es\",\"@id\":\"https:\/\/globalyouthclimatepact.eu\/es\/#\/schema\/person\/image\/\",\"url\":\"https:\/\/secure.gravatar.com\/avatar\/5b382c2d6442b0dab416c8a81605ac87247d178bd615dc4c9f8dfafed3c804ee?s=96&d=mm&r=g\",\"contentUrl\":\"https:\/\/secure.gravatar.com\/avatar\/5b382c2d6442b0dab416c8a81605ac87247d178bd615dc4c9f8dfafed3c804ee?s=96&d=mm&r=g\",\"caption\":\"S\u00e9bastien Beurre-Sucre\"}}]}<\/script>\n<!-- \/ Yoast SEO plugin. -->","yoast_head_json":{"title":"Nuevas herramientas digitales para GYCP | Global Youth Climate Pact","robots":{"index":"index","follow":"follow","max-snippet":"max-snippet:-1","max-image-preview":"max-image-preview:large","max-video-preview":"max-video-preview:-1"},"canonical":"https:\/\/globalyouthclimatepact.eu\/es\/nuevas-herramientas-digitales-para-gycp\/","og_locale":"es_ES","og_type":"article","og_title":"Nuevas herramientas digitales para GYCP | Global Youth Climate Pact","og_description":"Para hacer frente a este extra\u00f1o periodo de crisis sanitaria, el Pacto Mundial por el Clima de los J\u00f3venes ha decidido mejorar sus herramientas en l\u00ednea. Ahora los j\u00f3venes pueden chatear, compartir art\u00edculos\/v\u00eddeos\/archivos y hablar con cient\u00edficos, dirigidos por embajadores del GYCP de todo el mundo. Hay 15 de ellos, conocidos como J\u00f3venes Embajadores del [&hellip;]","og_url":"https:\/\/globalyouthclimatepact.eu\/es\/nuevas-herramientas-digitales-para-gycp\/","og_site_name":"Global Youth Climate Pact","article_publisher":"https:\/\/www.facebook.com\/GYCPOfficial\/","article_published_time":"2020-05-30T23:01:55+00:00","article_modified_time":"2023-05-28T08:27:16+00:00","og_image":[{"width":816,"height":337,"url":"https:\/\/globalyouthclimatepact.eu\/wp-content\/uploads\/2023\/05\/FB_GYCP.jpg","type":"image\/jpeg"}],"author":"S\u00e9bastien Beurre-Sucre","twitter_card":"summary_large_image","twitter_creator":"@GYCPOfficial","twitter_site":"@GYCPOfficial","twitter_misc":{"Escrito por":"S\u00e9bastien Beurre-Sucre","Tiempo de lectura":"1 minuto"},"schema":{"@context":"https:\/\/schema.org","@graph":[{"@type":"Article","@id":"https:\/\/globalyouthclimatepact.eu\/es\/nuevas-herramientas-digitales-para-gycp\/#article","isPartOf":{"@id":"https:\/\/globalyouthclimatepact.eu\/es\/nuevas-herramientas-digitales-para-gycp\/"},"author":{"name":"S\u00e9bastien Beurre-Sucre","@id":"https:\/\/globalyouthclimatepact.eu\/es\/#\/schema\/person\/6b54dbc1f6e5a7c828cce38497d24863"},"headline":"Nuevas herramientas digitales para GYCP","datePublished":"2020-05-30T23:01:55+00:00","dateModified":"2023-05-28T08:27:16+00:00","mainEntityOfPage":{"@id":"https:\/\/globalyouthclimatepact.eu\/es\/nuevas-herramientas-digitales-para-gycp\/"},"wordCount":241,"publisher":{"@id":"https:\/\/globalyouthclimatepact.eu\/es\/#organization"},"keywords":["Cambio clim\u00e1tico","Ecolog\u00eda","Juventud","P\u00e1gina web"],"articleSection":["Noticias"],"inLanguage":"es"},{"@type":"WebPage","@id":"https:\/\/globalyouthclimatepact.eu\/es\/nuevas-herramientas-digitales-para-gycp\/","url":"https:\/\/globalyouthclimatepact.eu\/es\/nuevas-herramientas-digitales-para-gycp\/","name":"Nuevas herramientas digitales para GYCP | Global Youth Climate Pact","isPartOf":{"@id":"https:\/\/globalyouthclimatepact.eu\/es\/#website"},"datePublished":"2020-05-30T23:01:55+00:00","dateModified":"2023-05-28T08:27:16+00:00","breadcrumb":{"@id":"https:\/\/globalyouthclimatepact.eu\/es\/nuevas-herramientas-digitales-para-gycp\/#breadcrumb"},"inLanguage":"es","potentialAction":[{"@type":"ReadAction","target":["https:\/\/globalyouthclimatepact.eu\/es\/nuevas-herramientas-digitales-para-gycp\/"]}]},{"@type":"BreadcrumbList","@id":"https:\/\/globalyouthclimatepact.eu\/es\/nuevas-herramientas-digitales-para-gycp\/#breadcrumb","itemListElement":[{"@type":"ListItem","position":1,"name":"Homepage","item":"https:\/\/globalyouthclimatepact.eu\/es\/inicio\/"},{"@type":"ListItem","position":2,"name":"Nuevas herramientas digitales para GYCP"}]},{"@type":"WebSite","@id":"https:\/\/globalyouthclimatepact.eu\/es\/#website","url":"https:\/\/globalyouthclimatepact.eu\/es\/","name":"Global Youth Climate Pact","description":"","publisher":{"@id":"https:\/\/globalyouthclimatepact.eu\/es\/#organization"},"alternateName":"GYCP","potentialAction":[{"@type":"SearchAction","target":{"@type":"EntryPoint","urlTemplate":"https:\/\/globalyouthclimatepact.eu\/es\/?s={search_term_string}"},"query-input":"required name=search_term_string"}],"inLanguage":"es"},{"@type":"Organization","@id":"https:\/\/globalyouthclimatepact.eu\/es\/#organization","name":"Global Youth Climate Pact","alternateName":"GYCP","url":"https:\/\/globalyouthclimatepact.eu\/es\/","logo":{"@type":"ImageObject","inLanguage":"es","@id":"https:\/\/globalyouthclimatepact.eu\/es\/#\/schema\/logo\/image\/","url":"https:\/\/globalyouthclimatepact.eu\/wp-content\/uploads\/2023\/05\/Logo_GYCP-1.png","contentUrl":"https:\/\/globalyouthclimatepact.eu\/wp-content\/uploads\/2023\/05\/Logo_GYCP-1.png","width":715,"height":282,"caption":"Global Youth Climate Pact"},"image":{"@id":"https:\/\/globalyouthclimatepact.eu\/es\/#\/schema\/logo\/image\/"},"sameAs":["https:\/\/www.facebook.com\/GYCPOfficial\/","https:\/\/twitter.com\/GYCPOfficial","https:\/\/www.instagram.com\/gycpofficial\/","https:\/\/t.me\/globalyouthclimatepact"]},{"@type":"Person","@id":"https:\/\/globalyouthclimatepact.eu\/es\/#\/schema\/person\/6b54dbc1f6e5a7c828cce38497d24863","name":"S\u00e9bastien Beurre-Sucre","image":{"@type":"ImageObject","inLanguage":"es","@id":"https:\/\/globalyouthclimatepact.eu\/es\/#\/schema\/person\/image\/","url":"https:\/\/secure.gravatar.com\/avatar\/5b382c2d6442b0dab416c8a81605ac87247d178bd615dc4c9f8dfafed3c804ee?s=96&d=mm&r=g","contentUrl":"https:\/\/secure.gravatar.com\/avatar\/5b382c2d6442b0dab416c8a81605ac87247d178bd615dc4c9f8dfafed3c804ee?s=96&d=mm&r=g","caption":"S\u00e9bastien Beurre-Sucre"}}]}},"jetpack_featured_media_url":"https:\/\/globalyouthclimatepact.eu\/wp-content\/uploads\/2023\/05\/FB_GYCP.jpg","_links":{"self":[{"href":"https:\/\/globalyouthclimatepact.eu\/es\/wp-json\/wp\/v2\/posts\/6485","targetHints":{"allow":["GET"]}}],"collection":[{"href":"https:\/\/globalyouthclimatepact.eu\/es\/wp-json\/wp\/v2\/posts"}],"about":[{"href":"https:\/\/globalyouthclimatepact.eu\/es\/wp-json\/wp\/v2\/types\/post"}],"author":[{"embeddable":true,"href":"https:\/\/globalyouthclimatepact.eu\/es\/wp-json\/wp\/v2\/users\/2"}],"replies":[{"embeddable":true,"href":"https:\/\/globalyouthclimatepact.eu\/es\/wp-json\/wp\/v2\/comments?post=6485"}],"version-history":[{"count":1,"href":"https:\/\/globalyouthclimatepact.eu\/es\/wp-json\/wp\/v2\/posts\/6485\/revisions"}],"predecessor-version":[{"id":6486,"href":"https:\/\/globalyouthclimatepact.eu\/es\/wp-json\/wp\/v2\/posts\/6485\/revisions\/6486"}],"wp:featuredmedia":[{"embeddable":true,"href":"https:\/\/globalyouthclimatepact.eu\/es\/wp-json\/wp\/v2\/media\/6450"}],"wp:attachment":[{"href":"https:\/\/globalyouthclimatepact.eu\/es\/wp-json\/wp\/v2\/media?parent=6485"}],"wp:term":[{"taxonomy":"category","embeddable":true,"href":"https:\/\/globalyouthclimatepact.eu\/es\/wp-json\/wp\/v2\/categories?post=6485"},{"taxonomy":"post_tag","embeddable":true,"href":"https:\/\/globalyouthclimatepact.eu\/es\/wp-json\/wp\/v2\/tags?post=6485"}],"curies":[{"name":"wp","href":"https:\/\/api.w.org\/{rel}","templated":true}]}}