{"id":6483,"date":"2020-04-22T01:44:00","date_gmt":"2020-04-21T23:44:00","guid":{"rendered":"https:\/\/dev.globalyouthclimatepact.eu\/resoluciones-redactadas-por-los-jovenes-del-gycp-en-madrid\/"},"modified":"2023-05-28T10:25:29","modified_gmt":"2023-05-28T08:25:29","slug":"resoluciones-redactadas-por-los-jovenes-del-gycp-en-madrid","status":"publish","type":"post","link":"https:\/\/globalyouthclimatepact.eu\/es\/resoluciones-redactadas-por-los-jovenes-del-gycp-en-madrid\/","title":{"rendered":"Resoluciones redactadas por los j\u00f3venes del GYCP en Madrid"},"content":{"rendered":"\n<p><strong>Estamos implicados y orgullosos: \u00a1aqu\u00ed est\u00e1 nuestro texto, redactado por los 150 participantes en la Conferencia de J\u00f3venes sobre el Cambio Clim\u00e1tico celebrada en Madrid a principios de diciembre, y presentado en la COP 25! <\/strong><\/p>\n\n<p>11, 12 y 13 de diciembre: en 3 d\u00edas, los j\u00f3venes de la GYCP avanzaron mucho, acogidos en el Liceo Franc\u00e9s de Madrid, a pesar del r\u00e1pido cambio de lugar de Chile a Espa\u00f1a. Por la ma\u00f1ana se organizaron debates entre el GYCP y personalidades destacadas (Marina Silva, ex Ministra brasile\u00f1a de Medio Ambiente, Herv\u00e9 Le Treut, climat\u00f3logo, etc.). <br\/>Los temas abordados fueron el di\u00e1logo intergeneracional y las soluciones concretas a la crisis clim\u00e1tica, ante 600 estudiantes en el gran teatro. Los j\u00f3venes tambi\u00e9n se comunicaron con j\u00f3venes ecologistas amaz\u00f3nicos y participaron en un importante ejercicio de recopilaci\u00f3n de datos en l\u00ednea. Por la tarde, se dividieron en peque\u00f1os grupos de 20 personas y trabajaron juntos para redactar recomendaciones sobre 6 temas: <\/p>\n\n<ul class=\"wp-block-list\">\n<li>Educaci\u00f3n para el desarrollo sostenible ; <\/li>\n\n\n\n<li>M\u00e1s bosques, menor huella de carbono; <\/li>\n\n\n\n<li>Biodiversidad, recursos, agua y suelo ; <\/li>\n\n\n\n<li>Agricultura sostenible ; <\/li>\n\n\n\n<li>Proteger los oc\u00e9anos ; <\/li>\n\n\n\n<li>La naturaleza en la ciudad, un ejemplo de Madrid. <\/li>\n<\/ul>\n\n<p>El \u00faltimo d\u00eda, un peque\u00f1o grupo se dirigi\u00f3 al recinto de la COP25 y, tras una larga espera, present\u00f3 su texto al Sr. Landerretche, coordinador de la Presidencia de la COP25. <strong>\u00a1Enhorabuena a todos! <\/strong>Este texto ser\u00e1 la gu\u00eda del GYCP en los pr\u00f3ximos a\u00f1os. <\/p>\n\n<p>Desc\u00fabralo aqu\u00ed, en ingl\u00e9s, espa\u00f1ol y franc\u00e9s, en alta (imprimible) y baja resoluci\u00f3n: <a href=\"https:\/\/bit.ly\/36ywsAL\" target=\"_blank\" rel=\"noreferrer noopener\">Haga clic aqu\u00ed<\/a>.<\/p>\n","protected":false},"excerpt":{"rendered":"<p>Estamos implicados y orgullosos: \u00a1aqu\u00ed est\u00e1 nuestro texto, redactado por los 150 participantes en la Conferencia de J\u00f3venes sobre el Cambio Clim\u00e1tico celebrada en Madrid a principios de diciembre, y presentado en la COP 25! 11, 12 y 13 de diciembre: en 3 d\u00edas, los j\u00f3venes de la GYCP avanzaron mucho, acogidos en el Liceo [&hellip;]<\/p>\n","protected":false},"author":2,"featured_media":6386,"comment_status":"closed","ping_status":"closed","sticky":false,"template":"","format":"standard","meta":{"footnotes":""},"categories":[17],"tags":[],"class_list":["post-6483","post","type-post","status-publish","format-standard","has-post-thumbnail","hentry","category-sin-categorizar"],"yoast_head":"<!-- This site is optimized with the Yoast SEO plugin v20.8 - https:\/\/yoast.com\/wordpress\/plugins\/seo\/ -->\n<title>Resoluciones redactadas por los j\u00f3venes del GYCP en Madrid | Global Youth Climate Pact<\/title>\n<meta name=\"robots\" content=\"index, follow, max-snippet:-1, max-image-preview:large, max-video-preview:-1\" \/>\n<link rel=\"canonical\" href=\"https:\/\/globalyouthclimatepact.eu\/es\/resoluciones-redactadas-por-los-jovenes-del-gycp-en-madrid\/\" \/>\n<meta property=\"og:locale\" content=\"es_ES\" \/>\n<meta property=\"og:type\" content=\"article\" \/>\n<meta property=\"og:title\" content=\"Resoluciones redactadas por los j\u00f3venes del GYCP en Madrid | Global Youth Climate Pact\" \/>\n<meta property=\"og:description\" content=\"Estamos implicados y orgullosos: \u00a1aqu\u00ed est\u00e1 nuestro texto, redactado por los 150 participantes en la Conferencia de J\u00f3venes sobre el Cambio Clim\u00e1tico celebrada en Madrid a principios de diciembre, y presentado en la COP 25! 11, 12 y 13 de diciembre: en 3 d\u00edas, los j\u00f3venes de la GYCP avanzaron mucho, acogidos en el Liceo [&hellip;]\" \/>\n<meta property=\"og:url\" content=\"https:\/\/globalyouthclimatepact.eu\/es\/resoluciones-redactadas-por-los-jovenes-del-gycp-en-madrid\/\" \/>\n<meta property=\"og:site_name\" content=\"Global Youth Climate Pact\" \/>\n<meta property=\"article:publisher\" content=\"https:\/\/www.facebook.com\/GYCPOfficial\/\" \/>\n<meta property=\"article:published_time\" content=\"2020-04-21T23:44:00+00:00\" \/>\n<meta property=\"article:modified_time\" content=\"2023-05-28T08:25:29+00:00\" \/>\n<meta property=\"og:image\" content=\"https:\/\/globalyouthclimatepact.eu\/wp-content\/uploads\/2023\/05\/ENsTPbDXYAMbUVz-1.jpg\" \/>\n\t<meta property=\"og:image:width\" content=\"2048\" \/>\n\t<meta property=\"og:image:height\" content=\"1406\" \/>\n\t<meta property=\"og:image:type\" content=\"image\/jpeg\" \/>\n<meta name=\"author\" content=\"S\u00e9bastien Beurre-Sucre\" \/>\n<meta name=\"twitter:card\" content=\"summary_large_image\" \/>\n<meta name=\"twitter:creator\" content=\"@GYCPOfficial\" \/>\n<meta name=\"twitter:site\" content=\"@GYCPOfficial\" \/>\n<meta name=\"twitter:label1\" content=\"Escrito por\" \/>\n\t<meta name=\"twitter:data1\" content=\"S\u00e9bastien Beurre-Sucre\" \/>\n\t<meta name=\"twitter:label2\" content=\"Tiempo de lectura\" \/>\n\t<meta name=\"twitter:data2\" content=\"1 minuto\" \/>\n<script type=\"application\/ld+json\" class=\"yoast-schema-graph\">{\"@context\":\"https:\/\/schema.org\",\"@graph\":[{\"@type\":\"Article\",\"@id\":\"https:\/\/globalyouthclimatepact.eu\/es\/resoluciones-redactadas-por-los-jovenes-del-gycp-en-madrid\/#article\",\"isPartOf\":{\"@id\":\"https:\/\/globalyouthclimatepact.eu\/es\/resoluciones-redactadas-por-los-jovenes-del-gycp-en-madrid\/\"},\"author\":{\"name\":\"S\u00e9bastien Beurre-Sucre\",\"@id\":\"https:\/\/globalyouthclimatepact.eu\/es\/#\/schema\/person\/6b54dbc1f6e5a7c828cce38497d24863\"},\"headline\":\"Resoluciones redactadas por los j\u00f3venes del GYCP en Madrid\",\"datePublished\":\"2020-04-21T23:44:00+00:00\",\"dateModified\":\"2023-05-28T08:25:29+00:00\",\"mainEntityOfPage\":{\"@id\":\"https:\/\/globalyouthclimatepact.eu\/es\/resoluciones-redactadas-por-los-jovenes-del-gycp-en-madrid\/\"},\"wordCount\":281,\"publisher\":{\"@id\":\"https:\/\/globalyouthclimatepact.eu\/es\/#organization\"},\"articleSection\":[\"Sin categorizar\"],\"inLanguage\":\"es\"},{\"@type\":\"WebPage\",\"@id\":\"https:\/\/globalyouthclimatepact.eu\/es\/resoluciones-redactadas-por-los-jovenes-del-gycp-en-madrid\/\",\"url\":\"https:\/\/globalyouthclimatepact.eu\/es\/resoluciones-redactadas-por-los-jovenes-del-gycp-en-madrid\/\",\"name\":\"Resoluciones redactadas por los j\u00f3venes del GYCP en Madrid | Global Youth Climate Pact\",\"isPartOf\":{\"@id\":\"https:\/\/globalyouthclimatepact.eu\/es\/#website\"},\"datePublished\":\"2020-04-21T23:44:00+00:00\",\"dateModified\":\"2023-05-28T08:25:29+00:00\",\"breadcrumb\":{\"@id\":\"https:\/\/globalyouthclimatepact.eu\/es\/resoluciones-redactadas-por-los-jovenes-del-gycp-en-madrid\/#breadcrumb\"},\"inLanguage\":\"es\",\"potentialAction\":[{\"@type\":\"ReadAction\",\"target\":[\"https:\/\/globalyouthclimatepact.eu\/es\/resoluciones-redactadas-por-los-jovenes-del-gycp-en-madrid\/\"]}]},{\"@type\":\"BreadcrumbList\",\"@id\":\"https:\/\/globalyouthclimatepact.eu\/es\/resoluciones-redactadas-por-los-jovenes-del-gycp-en-madrid\/#breadcrumb\",\"itemListElement\":[{\"@type\":\"ListItem\",\"position\":1,\"name\":\"Homepage\",\"item\":\"https:\/\/globalyouthclimatepact.eu\/es\/inicio\/\"},{\"@type\":\"ListItem\",\"position\":2,\"name\":\"Resoluciones redactadas por los j\u00f3venes del GYCP en Madrid\"}]},{\"@type\":\"WebSite\",\"@id\":\"https:\/\/globalyouthclimatepact.eu\/es\/#website\",\"url\":\"https:\/\/globalyouthclimatepact.eu\/es\/\",\"name\":\"Global Youth Climate Pact\",\"description\":\"\",\"publisher\":{\"@id\":\"https:\/\/globalyouthclimatepact.eu\/es\/#organization\"},\"alternateName\":\"GYCP\",\"potentialAction\":[{\"@type\":\"SearchAction\",\"target\":{\"@type\":\"EntryPoint\",\"urlTemplate\":\"https:\/\/globalyouthclimatepact.eu\/es\/?s={search_term_string}\"},\"query-input\":\"required name=search_term_string\"}],\"inLanguage\":\"es\"},{\"@type\":\"Organization\",\"@id\":\"https:\/\/globalyouthclimatepact.eu\/es\/#organization\",\"name\":\"Global Youth Climate Pact\",\"alternateName\":\"GYCP\",\"url\":\"https:\/\/globalyouthclimatepact.eu\/es\/\",\"logo\":{\"@type\":\"ImageObject\",\"inLanguage\":\"es\",\"@id\":\"https:\/\/globalyouthclimatepact.eu\/es\/#\/schema\/logo\/image\/\",\"url\":\"https:\/\/globalyouthclimatepact.eu\/wp-content\/uploads\/2023\/05\/Logo_GYCP-1.png\",\"contentUrl\":\"https:\/\/globalyouthclimatepact.eu\/wp-content\/uploads\/2023\/05\/Logo_GYCP-1.png\",\"width\":715,\"height\":282,\"caption\":\"Global Youth Climate Pact\"},\"image\":{\"@id\":\"https:\/\/globalyouthclimatepact.eu\/es\/#\/schema\/logo\/image\/\"},\"sameAs\":[\"https:\/\/www.facebook.com\/GYCPOfficial\/\",\"https:\/\/twitter.com\/GYCPOfficial\",\"https:\/\/www.instagram.com\/gycpofficial\/\",\"https:\/\/t.me\/globalyouthclimatepact\"]},{\"@type\":\"Person\",\"@id\":\"https:\/\/globalyouthclimatepact.eu\/es\/#\/schema\/person\/6b54dbc1f6e5a7c828cce38497d24863\",\"name\":\"S\u00e9bastien Beurre-Sucre\",\"image\":{\"@type\":\"ImageObject\",\"inLanguage\":\"es\",\"@id\":\"https:\/\/globalyouthclimatepact.eu\/es\/#\/schema\/person\/image\/\",\"url\":\"https:\/\/secure.gravatar.com\/avatar\/5b382c2d6442b0dab416c8a81605ac87247d178bd615dc4c9f8dfafed3c804ee?s=96&d=mm&r=g\",\"contentUrl\":\"https:\/\/secure.gravatar.com\/avatar\/5b382c2d6442b0dab416c8a81605ac87247d178bd615dc4c9f8dfafed3c804ee?s=96&d=mm&r=g\",\"caption\":\"S\u00e9bastien Beurre-Sucre\"}}]}<\/script>\n<!-- \/ Yoast SEO plugin. -->","yoast_head_json":{"title":"Resoluciones redactadas por los j\u00f3venes del GYCP en Madrid | Global Youth Climate Pact","robots":{"index":"index","follow":"follow","max-snippet":"max-snippet:-1","max-image-preview":"max-image-preview:large","max-video-preview":"max-video-preview:-1"},"canonical":"https:\/\/globalyouthclimatepact.eu\/es\/resoluciones-redactadas-por-los-jovenes-del-gycp-en-madrid\/","og_locale":"es_ES","og_type":"article","og_title":"Resoluciones redactadas por los j\u00f3venes del GYCP en Madrid | Global Youth Climate Pact","og_description":"Estamos implicados y orgullosos: \u00a1aqu\u00ed est\u00e1 nuestro texto, redactado por los 150 participantes en la Conferencia de J\u00f3venes sobre el Cambio Clim\u00e1tico celebrada en Madrid a principios de diciembre, y presentado en la COP 25! 11, 12 y 13 de diciembre: en 3 d\u00edas, los j\u00f3venes de la GYCP avanzaron mucho, acogidos en el Liceo [&hellip;]","og_url":"https:\/\/globalyouthclimatepact.eu\/es\/resoluciones-redactadas-por-los-jovenes-del-gycp-en-madrid\/","og_site_name":"Global Youth Climate Pact","article_publisher":"https:\/\/www.facebook.com\/GYCPOfficial\/","article_published_time":"2020-04-21T23:44:00+00:00","article_modified_time":"2023-05-28T08:25:29+00:00","og_image":[{"width":2048,"height":1406,"url":"https:\/\/globalyouthclimatepact.eu\/wp-content\/uploads\/2023\/05\/ENsTPbDXYAMbUVz-1.jpg","type":"image\/jpeg"}],"author":"S\u00e9bastien Beurre-Sucre","twitter_card":"summary_large_image","twitter_creator":"@GYCPOfficial","twitter_site":"@GYCPOfficial","twitter_misc":{"Escrito por":"S\u00e9bastien Beurre-Sucre","Tiempo de lectura":"1 minuto"},"schema":{"@context":"https:\/\/schema.org","@graph":[{"@type":"Article","@id":"https:\/\/globalyouthclimatepact.eu\/es\/resoluciones-redactadas-por-los-jovenes-del-gycp-en-madrid\/#article","isPartOf":{"@id":"https:\/\/globalyouthclimatepact.eu\/es\/resoluciones-redactadas-por-los-jovenes-del-gycp-en-madrid\/"},"author":{"name":"S\u00e9bastien Beurre-Sucre","@id":"https:\/\/globalyouthclimatepact.eu\/es\/#\/schema\/person\/6b54dbc1f6e5a7c828cce38497d24863"},"headline":"Resoluciones redactadas por los j\u00f3venes del GYCP en Madrid","datePublished":"2020-04-21T23:44:00+00:00","dateModified":"2023-05-28T08:25:29+00:00","mainEntityOfPage":{"@id":"https:\/\/globalyouthclimatepact.eu\/es\/resoluciones-redactadas-por-los-jovenes-del-gycp-en-madrid\/"},"wordCount":281,"publisher":{"@id":"https:\/\/globalyouthclimatepact.eu\/es\/#organization"},"articleSection":["Sin categorizar"],"inLanguage":"es"},{"@type":"WebPage","@id":"https:\/\/globalyouthclimatepact.eu\/es\/resoluciones-redactadas-por-los-jovenes-del-gycp-en-madrid\/","url":"https:\/\/globalyouthclimatepact.eu\/es\/resoluciones-redactadas-por-los-jovenes-del-gycp-en-madrid\/","name":"Resoluciones redactadas por los j\u00f3venes del GYCP en Madrid | Global Youth Climate Pact","isPartOf":{"@id":"https:\/\/globalyouthclimatepact.eu\/es\/#website"},"datePublished":"2020-04-21T23:44:00+00:00","dateModified":"2023-05-28T08:25:29+00:00","breadcrumb":{"@id":"https:\/\/globalyouthclimatepact.eu\/es\/resoluciones-redactadas-por-los-jovenes-del-gycp-en-madrid\/#breadcrumb"},"inLanguage":"es","potentialAction":[{"@type":"ReadAction","target":["https:\/\/globalyouthclimatepact.eu\/es\/resoluciones-redactadas-por-los-jovenes-del-gycp-en-madrid\/"]}]},{"@type":"BreadcrumbList","@id":"https:\/\/globalyouthclimatepact.eu\/es\/resoluciones-redactadas-por-los-jovenes-del-gycp-en-madrid\/#breadcrumb","itemListElement":[{"@type":"ListItem","position":1,"name":"Homepage","item":"https:\/\/globalyouthclimatepact.eu\/es\/inicio\/"},{"@type":"ListItem","position":2,"name":"Resoluciones redactadas por los j\u00f3venes del GYCP en Madrid"}]},{"@type":"WebSite","@id":"https:\/\/globalyouthclimatepact.eu\/es\/#website","url":"https:\/\/globalyouthclimatepact.eu\/es\/","name":"Global Youth Climate Pact","description":"","publisher":{"@id":"https:\/\/globalyouthclimatepact.eu\/es\/#organization"},"alternateName":"GYCP","potentialAction":[{"@type":"SearchAction","target":{"@type":"EntryPoint","urlTemplate":"https:\/\/globalyouthclimatepact.eu\/es\/?s={search_term_string}"},"query-input":"required name=search_term_string"}],"inLanguage":"es"},{"@type":"Organization","@id":"https:\/\/globalyouthclimatepact.eu\/es\/#organization","name":"Global Youth Climate Pact","alternateName":"GYCP","url":"https:\/\/globalyouthclimatepact.eu\/es\/","logo":{"@type":"ImageObject","inLanguage":"es","@id":"https:\/\/globalyouthclimatepact.eu\/es\/#\/schema\/logo\/image\/","url":"https:\/\/globalyouthclimatepact.eu\/wp-content\/uploads\/2023\/05\/Logo_GYCP-1.png","contentUrl":"https:\/\/globalyouthclimatepact.eu\/wp-content\/uploads\/2023\/05\/Logo_GYCP-1.png","width":715,"height":282,"caption":"Global Youth Climate Pact"},"image":{"@id":"https:\/\/globalyouthclimatepact.eu\/es\/#\/schema\/logo\/image\/"},"sameAs":["https:\/\/www.facebook.com\/GYCPOfficial\/","https:\/\/twitter.com\/GYCPOfficial","https:\/\/www.instagram.com\/gycpofficial\/","https:\/\/t.me\/globalyouthclimatepact"]},{"@type":"Person","@id":"https:\/\/globalyouthclimatepact.eu\/es\/#\/schema\/person\/6b54dbc1f6e5a7c828cce38497d24863","name":"S\u00e9bastien Beurre-Sucre","image":{"@type":"ImageObject","inLanguage":"es","@id":"https:\/\/globalyouthclimatepact.eu\/es\/#\/schema\/person\/image\/","url":"https:\/\/secure.gravatar.com\/avatar\/5b382c2d6442b0dab416c8a81605ac87247d178bd615dc4c9f8dfafed3c804ee?s=96&d=mm&r=g","contentUrl":"https:\/\/secure.gravatar.com\/avatar\/5b382c2d6442b0dab416c8a81605ac87247d178bd615dc4c9f8dfafed3c804ee?s=96&d=mm&r=g","caption":"S\u00e9bastien Beurre-Sucre"}}]}},"jetpack_featured_media_url":"https:\/\/globalyouthclimatepact.eu\/wp-content\/uploads\/2023\/05\/ENsTPbDXYAMbUVz-1.jpg","_links":{"self":[{"href":"https:\/\/globalyouthclimatepact.eu\/es\/wp-json\/wp\/v2\/posts\/6483","targetHints":{"allow":["GET"]}}],"collection":[{"href":"https:\/\/globalyouthclimatepact.eu\/es\/wp-json\/wp\/v2\/posts"}],"about":[{"href":"https:\/\/globalyouthclimatepact.eu\/es\/wp-json\/wp\/v2\/types\/post"}],"author":[{"embeddable":true,"href":"https:\/\/globalyouthclimatepact.eu\/es\/wp-json\/wp\/v2\/users\/2"}],"replies":[{"embeddable":true,"href":"https:\/\/globalyouthclimatepact.eu\/es\/wp-json\/wp\/v2\/comments?post=6483"}],"version-history":[{"count":1,"href":"https:\/\/globalyouthclimatepact.eu\/es\/wp-json\/wp\/v2\/posts\/6483\/revisions"}],"predecessor-version":[{"id":6484,"href":"https:\/\/globalyouthclimatepact.eu\/es\/wp-json\/wp\/v2\/posts\/6483\/revisions\/6484"}],"wp:featuredmedia":[{"embeddable":true,"href":"https:\/\/globalyouthclimatepact.eu\/es\/wp-json\/wp\/v2\/media\/6386"}],"wp:attachment":[{"href":"https:\/\/globalyouthclimatepact.eu\/es\/wp-json\/wp\/v2\/media?parent=6483"}],"wp:term":[{"taxonomy":"category","embeddable":true,"href":"https:\/\/globalyouthclimatepact.eu\/es\/wp-json\/wp\/v2\/categories?post=6483"},{"taxonomy":"post_tag","embeddable":true,"href":"https:\/\/globalyouthclimatepact.eu\/es\/wp-json\/wp\/v2\/tags?post=6483"}],"curies":[{"name":"wp","href":"https:\/\/api.w.org\/{rel}","templated":true}]}}