{"id":6477,"date":"2019-01-22T02:01:00","date_gmt":"2019-01-22T01:01:00","guid":{"rendered":"https:\/\/dev.globalyouthclimatepact.eu\/el-gycp-invitado-al-congreso-del-futuro\/"},"modified":"2023-05-28T10:22:10","modified_gmt":"2023-05-28T08:22:10","slug":"el-gycp-invitado-al-congreso-del-futuro","status":"publish","type":"post","link":"https:\/\/globalyouthclimatepact.eu\/es\/el-gycp-invitado-al-congreso-del-futuro\/","title":{"rendered":"El GYCP invitado al Congreso del Futuro"},"content":{"rendered":"\n<p><br\/>El Congreso del Futuro es un encuentro de divulgaci\u00f3n cient\u00edfica en el que se expone a los ciudadanos los problemas a los que se enfrenta o se enfrentar\u00e1 la sociedad en el futuro.<\/p>\n\n<p>En su s\u00e9ptima edici\u00f3n, celebrada del 15 al 21 de enero en el antiguo edificio del Congreso Nacional, fue organizada por la Comisi\u00f3n de Retos de Futuro del Senado, cuyo objetivo es tender puentes entre los grandes avances cient\u00edficos y la ciudadan\u00eda y todos los colectivos que conforman la sociedad. Amelie Kim Cheang, Directora de Contenidos del Congreso del Futuro, explica que el tema principal es la conciencia como concepto neurocient\u00edfico, pero tambi\u00e9n como idea de consciencia.<\/p>\n\n<p>Nuestro proyecto \u00abGlobal Youth Climate Pact\u00bb ha sido invitado a participar en el Congreso del Futuro. Por ello, hemos seleccionado 4 proyectos de investigaci\u00f3n de nuestras escuelas chilenas para que representen nuestro proyecto el 21 de enero.<\/p>\n\n<p>Los proyectos son los siguientes: Sistema hidrop\u00f3nico para todos, Liceo Cordillera de Chincolco, regi\u00f3n de Valpara\u00edso; Hacia una educaci\u00f3n sustentable: la huella de carbono de las comunas de Santiago, Liceo 1 Javiera Carrera, regi\u00f3n Metropolitana; Monitoreo del cambio clim\u00e1tico, Liceo Paulo Freire de Quell\u00f3n, regi\u00f3n de Los Lagos; Estudio social e hist\u00f3rico del calentamiento global y los desastres naturales y antr\u00f3picos en la regi\u00f3n de O&#8217;Higgins, Liceo Industrial San Fernando, regi\u00f3n del Libertador General Bernardo O&#8217;Higgins.<\/p>\n\n<p><\/p>\n\n<figure class=\"wp-block-image size-full\"><img decoding=\"async\" width=\"1920\" height=\"1442\" src=\"https:\/\/dev.globalyouthclimatepact.eu\/wp-content\/uploads\/2019\/01\/2018-01-29_2-scaled-2.jpg\" alt=\"\" class=\"wp-image-6365\" srcset=\"https:\/\/globalyouthclimatepact.eu\/wp-content\/uploads\/2019\/01\/2018-01-29_2-scaled-2.jpg 1920w, https:\/\/globalyouthclimatepact.eu\/wp-content\/uploads\/2019\/01\/2018-01-29_2-scaled-2-300x225.jpg 300w, https:\/\/globalyouthclimatepact.eu\/wp-content\/uploads\/2019\/01\/2018-01-29_2-scaled-2-1024x769.jpg 1024w, https:\/\/globalyouthclimatepact.eu\/wp-content\/uploads\/2019\/01\/2018-01-29_2-scaled-2-768x577.jpg 768w, https:\/\/globalyouthclimatepact.eu\/wp-content\/uploads\/2019\/01\/2018-01-29_2-scaled-2-1536x1154.jpg 1536w\" sizes=\"(max-width: 1920px) 100vw, 1920px\" \/><\/figure>\n","protected":false},"excerpt":{"rendered":"<p>El Congreso del Futuro es un encuentro de divulgaci\u00f3n cient\u00edfica en el que se expone a los ciudadanos los problemas a los que se enfrenta o se enfrentar\u00e1 la sociedad en el futuro. En su s\u00e9ptima edici\u00f3n, celebrada del 15 al 21 de enero en el antiguo edificio del Congreso Nacional, fue organizada por la [&hellip;]<\/p>\n","protected":false},"author":2,"featured_media":6460,"comment_status":"open","ping_status":"open","sticky":false,"template":"","format":"standard","meta":{"footnotes":""},"categories":[17],"tags":[],"class_list":["post-6477","post","type-post","status-publish","format-standard","has-post-thumbnail","hentry","category-sin-categorizar"],"yoast_head":"<!-- This site is optimized with the Yoast SEO plugin v20.8 - https:\/\/yoast.com\/wordpress\/plugins\/seo\/ -->\n<title>El GYCP invitado al Congreso del Futuro | Global Youth Climate Pact<\/title>\n<meta name=\"robots\" content=\"index, follow, max-snippet:-1, max-image-preview:large, max-video-preview:-1\" \/>\n<link rel=\"canonical\" href=\"https:\/\/globalyouthclimatepact.eu\/es\/el-gycp-invitado-al-congreso-del-futuro\/\" \/>\n<meta property=\"og:locale\" content=\"es_ES\" \/>\n<meta property=\"og:type\" content=\"article\" \/>\n<meta property=\"og:title\" content=\"El GYCP invitado al Congreso del Futuro | Global Youth Climate Pact\" \/>\n<meta property=\"og:description\" content=\"El Congreso del Futuro es un encuentro de divulgaci\u00f3n cient\u00edfica en el que se expone a los ciudadanos los problemas a los que se enfrenta o se enfrentar\u00e1 la sociedad en el futuro. En su s\u00e9ptima edici\u00f3n, celebrada del 15 al 21 de enero en el antiguo edificio del Congreso Nacional, fue organizada por la [&hellip;]\" \/>\n<meta property=\"og:url\" content=\"https:\/\/globalyouthclimatepact.eu\/es\/el-gycp-invitado-al-congreso-del-futuro\/\" \/>\n<meta property=\"og:site_name\" content=\"Global Youth Climate Pact\" \/>\n<meta property=\"article:publisher\" content=\"https:\/\/www.facebook.com\/GYCPOfficial\/\" \/>\n<meta property=\"article:published_time\" content=\"2019-01-22T01:01:00+00:00\" \/>\n<meta property=\"article:modified_time\" content=\"2023-05-28T08:22:10+00:00\" \/>\n<meta property=\"og:image\" content=\"https:\/\/globalyouthclimatepact.eu\/wp-content\/uploads\/2019\/01\/2018-01-29_1-scaled-1.jpg\" \/>\n\t<meta property=\"og:image:width\" content=\"1920\" \/>\n\t<meta property=\"og:image:height\" content=\"1156\" \/>\n\t<meta property=\"og:image:type\" content=\"image\/jpeg\" \/>\n<meta name=\"author\" content=\"S\u00e9bastien Beurre-Sucre\" \/>\n<meta name=\"twitter:card\" content=\"summary_large_image\" \/>\n<meta name=\"twitter:creator\" content=\"@GYCPOfficial\" \/>\n<meta name=\"twitter:site\" content=\"@GYCPOfficial\" \/>\n<meta name=\"twitter:label1\" content=\"Escrito por\" \/>\n\t<meta name=\"twitter:data1\" content=\"S\u00e9bastien Beurre-Sucre\" \/>\n\t<meta name=\"twitter:label2\" content=\"Tiempo de lectura\" \/>\n\t<meta name=\"twitter:data2\" content=\"1 minuto\" \/>\n<script type=\"application\/ld+json\" class=\"yoast-schema-graph\">{\"@context\":\"https:\/\/schema.org\",\"@graph\":[{\"@type\":\"Article\",\"@id\":\"https:\/\/globalyouthclimatepact.eu\/es\/el-gycp-invitado-al-congreso-del-futuro\/#article\",\"isPartOf\":{\"@id\":\"https:\/\/globalyouthclimatepact.eu\/es\/el-gycp-invitado-al-congreso-del-futuro\/\"},\"author\":{\"name\":\"S\u00e9bastien Beurre-Sucre\",\"@id\":\"https:\/\/globalyouthclimatepact.eu\/es\/#\/schema\/person\/6b54dbc1f6e5a7c828cce38497d24863\"},\"headline\":\"El GYCP invitado al Congreso del Futuro\",\"datePublished\":\"2019-01-22T01:01:00+00:00\",\"dateModified\":\"2023-05-28T08:22:10+00:00\",\"mainEntityOfPage\":{\"@id\":\"https:\/\/globalyouthclimatepact.eu\/es\/el-gycp-invitado-al-congreso-del-futuro\/\"},\"wordCount\":249,\"commentCount\":0,\"publisher\":{\"@id\":\"https:\/\/globalyouthclimatepact.eu\/es\/#organization\"},\"articleSection\":[\"Sin categorizar\"],\"inLanguage\":\"es\",\"potentialAction\":[{\"@type\":\"CommentAction\",\"name\":\"Comment\",\"target\":[\"https:\/\/globalyouthclimatepact.eu\/es\/el-gycp-invitado-al-congreso-del-futuro\/#respond\"]}]},{\"@type\":\"WebPage\",\"@id\":\"https:\/\/globalyouthclimatepact.eu\/es\/el-gycp-invitado-al-congreso-del-futuro\/\",\"url\":\"https:\/\/globalyouthclimatepact.eu\/es\/el-gycp-invitado-al-congreso-del-futuro\/\",\"name\":\"El GYCP invitado al Congreso del Futuro | Global Youth Climate Pact\",\"isPartOf\":{\"@id\":\"https:\/\/globalyouthclimatepact.eu\/es\/#website\"},\"datePublished\":\"2019-01-22T01:01:00+00:00\",\"dateModified\":\"2023-05-28T08:22:10+00:00\",\"breadcrumb\":{\"@id\":\"https:\/\/globalyouthclimatepact.eu\/es\/el-gycp-invitado-al-congreso-del-futuro\/#breadcrumb\"},\"inLanguage\":\"es\",\"potentialAction\":[{\"@type\":\"ReadAction\",\"target\":[\"https:\/\/globalyouthclimatepact.eu\/es\/el-gycp-invitado-al-congreso-del-futuro\/\"]}]},{\"@type\":\"BreadcrumbList\",\"@id\":\"https:\/\/globalyouthclimatepact.eu\/es\/el-gycp-invitado-al-congreso-del-futuro\/#breadcrumb\",\"itemListElement\":[{\"@type\":\"ListItem\",\"position\":1,\"name\":\"Homepage\",\"item\":\"https:\/\/globalyouthclimatepact.eu\/es\/inicio\/\"},{\"@type\":\"ListItem\",\"position\":2,\"name\":\"El GYCP invitado al Congreso del Futuro\"}]},{\"@type\":\"WebSite\",\"@id\":\"https:\/\/globalyouthclimatepact.eu\/es\/#website\",\"url\":\"https:\/\/globalyouthclimatepact.eu\/es\/\",\"name\":\"Global Youth Climate Pact\",\"description\":\"\",\"publisher\":{\"@id\":\"https:\/\/globalyouthclimatepact.eu\/es\/#organization\"},\"alternateName\":\"GYCP\",\"potentialAction\":[{\"@type\":\"SearchAction\",\"target\":{\"@type\":\"EntryPoint\",\"urlTemplate\":\"https:\/\/globalyouthclimatepact.eu\/es\/?s={search_term_string}\"},\"query-input\":\"required name=search_term_string\"}],\"inLanguage\":\"es\"},{\"@type\":\"Organization\",\"@id\":\"https:\/\/globalyouthclimatepact.eu\/es\/#organization\",\"name\":\"Global Youth Climate Pact\",\"alternateName\":\"GYCP\",\"url\":\"https:\/\/globalyouthclimatepact.eu\/es\/\",\"logo\":{\"@type\":\"ImageObject\",\"inLanguage\":\"es\",\"@id\":\"https:\/\/globalyouthclimatepact.eu\/es\/#\/schema\/logo\/image\/\",\"url\":\"https:\/\/globalyouthclimatepact.eu\/wp-content\/uploads\/2023\/05\/Logo_GYCP-1.png\",\"contentUrl\":\"https:\/\/globalyouthclimatepact.eu\/wp-content\/uploads\/2023\/05\/Logo_GYCP-1.png\",\"width\":715,\"height\":282,\"caption\":\"Global Youth Climate Pact\"},\"image\":{\"@id\":\"https:\/\/globalyouthclimatepact.eu\/es\/#\/schema\/logo\/image\/\"},\"sameAs\":[\"https:\/\/www.facebook.com\/GYCPOfficial\/\",\"https:\/\/twitter.com\/GYCPOfficial\",\"https:\/\/www.instagram.com\/gycpofficial\/\",\"https:\/\/t.me\/globalyouthclimatepact\"]},{\"@type\":\"Person\",\"@id\":\"https:\/\/globalyouthclimatepact.eu\/es\/#\/schema\/person\/6b54dbc1f6e5a7c828cce38497d24863\",\"name\":\"S\u00e9bastien Beurre-Sucre\",\"image\":{\"@type\":\"ImageObject\",\"inLanguage\":\"es\",\"@id\":\"https:\/\/globalyouthclimatepact.eu\/es\/#\/schema\/person\/image\/\",\"url\":\"https:\/\/secure.gravatar.com\/avatar\/5b382c2d6442b0dab416c8a81605ac87247d178bd615dc4c9f8dfafed3c804ee?s=96&d=mm&r=g\",\"contentUrl\":\"https:\/\/secure.gravatar.com\/avatar\/5b382c2d6442b0dab416c8a81605ac87247d178bd615dc4c9f8dfafed3c804ee?s=96&d=mm&r=g\",\"caption\":\"S\u00e9bastien Beurre-Sucre\"}}]}<\/script>\n<!-- \/ Yoast SEO plugin. -->","yoast_head_json":{"title":"El GYCP invitado al Congreso del Futuro | Global Youth Climate Pact","robots":{"index":"index","follow":"follow","max-snippet":"max-snippet:-1","max-image-preview":"max-image-preview:large","max-video-preview":"max-video-preview:-1"},"canonical":"https:\/\/globalyouthclimatepact.eu\/es\/el-gycp-invitado-al-congreso-del-futuro\/","og_locale":"es_ES","og_type":"article","og_title":"El GYCP invitado al Congreso del Futuro | Global Youth Climate Pact","og_description":"El Congreso del Futuro es un encuentro de divulgaci\u00f3n cient\u00edfica en el que se expone a los ciudadanos los problemas a los que se enfrenta o se enfrentar\u00e1 la sociedad en el futuro. En su s\u00e9ptima edici\u00f3n, celebrada del 15 al 21 de enero en el antiguo edificio del Congreso Nacional, fue organizada por la [&hellip;]","og_url":"https:\/\/globalyouthclimatepact.eu\/es\/el-gycp-invitado-al-congreso-del-futuro\/","og_site_name":"Global Youth Climate Pact","article_publisher":"https:\/\/www.facebook.com\/GYCPOfficial\/","article_published_time":"2019-01-22T01:01:00+00:00","article_modified_time":"2023-05-28T08:22:10+00:00","og_image":[{"width":1920,"height":1156,"url":"https:\/\/globalyouthclimatepact.eu\/wp-content\/uploads\/2019\/01\/2018-01-29_1-scaled-1.jpg","type":"image\/jpeg"}],"author":"S\u00e9bastien Beurre-Sucre","twitter_card":"summary_large_image","twitter_creator":"@GYCPOfficial","twitter_site":"@GYCPOfficial","twitter_misc":{"Escrito por":"S\u00e9bastien Beurre-Sucre","Tiempo de lectura":"1 minuto"},"schema":{"@context":"https:\/\/schema.org","@graph":[{"@type":"Article","@id":"https:\/\/globalyouthclimatepact.eu\/es\/el-gycp-invitado-al-congreso-del-futuro\/#article","isPartOf":{"@id":"https:\/\/globalyouthclimatepact.eu\/es\/el-gycp-invitado-al-congreso-del-futuro\/"},"author":{"name":"S\u00e9bastien Beurre-Sucre","@id":"https:\/\/globalyouthclimatepact.eu\/es\/#\/schema\/person\/6b54dbc1f6e5a7c828cce38497d24863"},"headline":"El GYCP invitado al Congreso del Futuro","datePublished":"2019-01-22T01:01:00+00:00","dateModified":"2023-05-28T08:22:10+00:00","mainEntityOfPage":{"@id":"https:\/\/globalyouthclimatepact.eu\/es\/el-gycp-invitado-al-congreso-del-futuro\/"},"wordCount":249,"commentCount":0,"publisher":{"@id":"https:\/\/globalyouthclimatepact.eu\/es\/#organization"},"articleSection":["Sin categorizar"],"inLanguage":"es","potentialAction":[{"@type":"CommentAction","name":"Comment","target":["https:\/\/globalyouthclimatepact.eu\/es\/el-gycp-invitado-al-congreso-del-futuro\/#respond"]}]},{"@type":"WebPage","@id":"https:\/\/globalyouthclimatepact.eu\/es\/el-gycp-invitado-al-congreso-del-futuro\/","url":"https:\/\/globalyouthclimatepact.eu\/es\/el-gycp-invitado-al-congreso-del-futuro\/","name":"El GYCP invitado al Congreso del Futuro | Global Youth Climate Pact","isPartOf":{"@id":"https:\/\/globalyouthclimatepact.eu\/es\/#website"},"datePublished":"2019-01-22T01:01:00+00:00","dateModified":"2023-05-28T08:22:10+00:00","breadcrumb":{"@id":"https:\/\/globalyouthclimatepact.eu\/es\/el-gycp-invitado-al-congreso-del-futuro\/#breadcrumb"},"inLanguage":"es","potentialAction":[{"@type":"ReadAction","target":["https:\/\/globalyouthclimatepact.eu\/es\/el-gycp-invitado-al-congreso-del-futuro\/"]}]},{"@type":"BreadcrumbList","@id":"https:\/\/globalyouthclimatepact.eu\/es\/el-gycp-invitado-al-congreso-del-futuro\/#breadcrumb","itemListElement":[{"@type":"ListItem","position":1,"name":"Homepage","item":"https:\/\/globalyouthclimatepact.eu\/es\/inicio\/"},{"@type":"ListItem","position":2,"name":"El GYCP invitado al Congreso del Futuro"}]},{"@type":"WebSite","@id":"https:\/\/globalyouthclimatepact.eu\/es\/#website","url":"https:\/\/globalyouthclimatepact.eu\/es\/","name":"Global Youth Climate Pact","description":"","publisher":{"@id":"https:\/\/globalyouthclimatepact.eu\/es\/#organization"},"alternateName":"GYCP","potentialAction":[{"@type":"SearchAction","target":{"@type":"EntryPoint","urlTemplate":"https:\/\/globalyouthclimatepact.eu\/es\/?s={search_term_string}"},"query-input":"required name=search_term_string"}],"inLanguage":"es"},{"@type":"Organization","@id":"https:\/\/globalyouthclimatepact.eu\/es\/#organization","name":"Global Youth Climate Pact","alternateName":"GYCP","url":"https:\/\/globalyouthclimatepact.eu\/es\/","logo":{"@type":"ImageObject","inLanguage":"es","@id":"https:\/\/globalyouthclimatepact.eu\/es\/#\/schema\/logo\/image\/","url":"https:\/\/globalyouthclimatepact.eu\/wp-content\/uploads\/2023\/05\/Logo_GYCP-1.png","contentUrl":"https:\/\/globalyouthclimatepact.eu\/wp-content\/uploads\/2023\/05\/Logo_GYCP-1.png","width":715,"height":282,"caption":"Global Youth Climate Pact"},"image":{"@id":"https:\/\/globalyouthclimatepact.eu\/es\/#\/schema\/logo\/image\/"},"sameAs":["https:\/\/www.facebook.com\/GYCPOfficial\/","https:\/\/twitter.com\/GYCPOfficial","https:\/\/www.instagram.com\/gycpofficial\/","https:\/\/t.me\/globalyouthclimatepact"]},{"@type":"Person","@id":"https:\/\/globalyouthclimatepact.eu\/es\/#\/schema\/person\/6b54dbc1f6e5a7c828cce38497d24863","name":"S\u00e9bastien Beurre-Sucre","image":{"@type":"ImageObject","inLanguage":"es","@id":"https:\/\/globalyouthclimatepact.eu\/es\/#\/schema\/person\/image\/","url":"https:\/\/secure.gravatar.com\/avatar\/5b382c2d6442b0dab416c8a81605ac87247d178bd615dc4c9f8dfafed3c804ee?s=96&d=mm&r=g","contentUrl":"https:\/\/secure.gravatar.com\/avatar\/5b382c2d6442b0dab416c8a81605ac87247d178bd615dc4c9f8dfafed3c804ee?s=96&d=mm&r=g","caption":"S\u00e9bastien Beurre-Sucre"}}]}},"jetpack_featured_media_url":"https:\/\/globalyouthclimatepact.eu\/wp-content\/uploads\/2019\/01\/2018-01-29_1-scaled-1.jpg","_links":{"self":[{"href":"https:\/\/globalyouthclimatepact.eu\/es\/wp-json\/wp\/v2\/posts\/6477","targetHints":{"allow":["GET"]}}],"collection":[{"href":"https:\/\/globalyouthclimatepact.eu\/es\/wp-json\/wp\/v2\/posts"}],"about":[{"href":"https:\/\/globalyouthclimatepact.eu\/es\/wp-json\/wp\/v2\/types\/post"}],"author":[{"embeddable":true,"href":"https:\/\/globalyouthclimatepact.eu\/es\/wp-json\/wp\/v2\/users\/2"}],"replies":[{"embeddable":true,"href":"https:\/\/globalyouthclimatepact.eu\/es\/wp-json\/wp\/v2\/comments?post=6477"}],"version-history":[{"count":1,"href":"https:\/\/globalyouthclimatepact.eu\/es\/wp-json\/wp\/v2\/posts\/6477\/revisions"}],"predecessor-version":[{"id":6478,"href":"https:\/\/globalyouthclimatepact.eu\/es\/wp-json\/wp\/v2\/posts\/6477\/revisions\/6478"}],"wp:featuredmedia":[{"embeddable":true,"href":"https:\/\/globalyouthclimatepact.eu\/es\/wp-json\/wp\/v2\/media\/6460"}],"wp:attachment":[{"href":"https:\/\/globalyouthclimatepact.eu\/es\/wp-json\/wp\/v2\/media?parent=6477"}],"wp:term":[{"taxonomy":"category","embeddable":true,"href":"https:\/\/globalyouthclimatepact.eu\/es\/wp-json\/wp\/v2\/categories?post=6477"},{"taxonomy":"post_tag","embeddable":true,"href":"https:\/\/globalyouthclimatepact.eu\/es\/wp-json\/wp\/v2\/tags?post=6477"}],"curies":[{"name":"wp","href":"https:\/\/api.w.org\/{rel}","templated":true}]}}